{"id":1290,"date":"2020-12-03T09:02:01","date_gmt":"2020-12-03T08:02:01","guid":{"rendered":"http:\/\/www.aquinov.fr\/?p=1290"},"modified":"2021-02-04T10:56:01","modified_gmt":"2021-02-04T09:56:01","slug":"indication-geographique-lhomologation-du-linge-basque","status":"publish","type":"post","link":"https:\/\/www.aquinov.fr\/conseils-propriete-industrielle-sud-ouest\/indication-geographique-lhomologation-du-linge-basque\/","title":{"rendered":"Indication G\u00e9ographique : l\u2019homologation du Linge Basque"},"content":{"rendered":"\n<p><strong>C\u2019est officiel depuis le vendredi 13 novembre 2020, le Linge Basque b\u00e9n\u00e9ficie d\u00e9sormais d&rsquo;une Identification G\u00e9ographique, ce qui permet aux entreprises concern\u00e9es de prot\u00e9ger leur production. <\/strong><\/p>\n\n\n\n<p>L&rsquo;Institut National de la Propri\u00e9t\u00e9 Industrielle (INPI) a d\u2019ores et d\u00e9j\u00e0 homologu\u00e9 douze Indication G\u00e9ographique (IG), parmi lesquelles la Porcelaine de Limoges, la Tapisserie d&rsquo;Aubusson ou la Charentaise. Le linge basque rejoint cette lign\u00e9e.<br>L\u2019Indication G\u00e9ographique permet de prot\u00e9ger les produits manufactur\u00e9s ou les mati\u00e8res premi\u00e8res d\u2019une r\u00e9gion avec un label \u00ab Indication g\u00e9ographique France \u00bb. <br>Objectif : permettre aux entreprises labellis\u00e9es de mieux d\u00e9fendre leur savoir-faire, notamment contre la contrefa\u00e7on \u00e0 l\u2019import et \u00e0 l\u2019export. Ce label fran\u00e7ais g\u00e9r\u00e9 par l\u2019INPI a \u00e9t\u00e9 cr\u00e9\u00e9 en 2015 par le d\u00e9cret d\u2019application de la loi HAMON du 17 mars 2014. <\/p>\n\n\n\n<p><strong>Qu&rsquo;est-ce qu&rsquo;une indication g\u00e9ographique ? <br><\/strong>Une indication g\u00e9ographique est la d\u00e9nomination d\u2019une r\u00e9gion ou d\u2019un lieu pr\u00e9cis utilis\u00e9e pour d\u00e9signer un produit qui en est originaire et qui poss\u00e8de des qualit\u00e9s propres et\/ou une r\u00e9putation attach\u00e9es \u00e0 cette origine g\u00e9ographique. Les modalit\u00e9s de production de ce produit doivent respecter un cahier des charges homologu\u00e9 par l\u2019INPI. <br>Ce label garantit l\u2019origine et le mode de fabrication des produits, et offre une r\u00e9elle transparence au consommateur. Dans le cas pr\u00e9sent, cette IG garantit la fabrication du linge basque dans les Pyr\u00e9n\u00e9es Atlantiques. Ce qui doit avoir pour effet vertueux de p\u00e9renniser la fabrication, maintenir les emplois dans la r\u00e9gion, et surtout de lutter contre la fraude relative \u00e0 ces produits renomm\u00e9s. <\/p>\n\n\n\n<p><strong>Qui peut b\u00e9n\u00e9ficier des indications g\u00e9ographiques ? <br><\/strong>Une entreprise implant\u00e9e sur le secteur g\u00e9ographique concern\u00e9 et qui respecte le cahier des charges homologu\u00e9 peut demander \u00e0 b\u00e9n\u00e9ficier d&rsquo;une IG. La demande doit \u00eatre adress\u00e9e \u00e0 l\u2019organisme de d\u00e9fense et de gestion de ladite Indication G\u00e9ographique. <\/p>\n\n\n\n<p><\/p>\n\n\n\n<p><\/p>\n\n\n\n<h4 class=\"wp-block-heading\"><strong><span class=\"has-inline-color has-vivid-red-color\">Vous souhaitez en savoir plus ? <\/span><\/strong><\/h4>\n\n\n\n<p>Notre \u00e9quipe est au service des entrepreneurs innovants et se fera un plaisir de vous r\u00e9pondre.&nbsp;<\/p>\n\n\n\n<div class=\"wp-block-group\"><div class=\"wp-block-group__inner-container is-layout-flow wp-block-group-is-layout-flow\">\n<div class=\"wp-block-group\"><div class=\"wp-block-group__inner-container is-layout-flow wp-block-group-is-layout-flow\">\n<div style=\"height:35px\" aria-hidden=\"true\" class=\"wp-block-spacer\"><\/div>\n\n\n\n<hr class=\"wp-block-separator\"\/>\n\n\n\n<div style=\"height:20px\" aria-hidden=\"true\" class=\"wp-block-spacer\"><\/div>\n\n\n\n<p>Cet article a \u00e9t\u00e9 r\u00e9dig\u00e9 par :<\/p>\n<\/div><\/div>\n\n\n\n<div style=\"height:20px\" aria-hidden=\"true\" class=\"wp-block-spacer\"><\/div>\n\n\n\n<div class=\"wp-block-columns is-layout-flex wp-container-core-columns-is-layout-9d6595d7 wp-block-columns-is-layout-flex\">\n<div class=\"wp-block-column is-layout-flow wp-block-column-is-layout-flow\" style=\"flex-basis:14%\">\n<figure class=\"wp-block-image size-large is-style-default\"><img loading=\"lazy\" decoding=\"async\" width=\"800\" height=\"800\" src=\"http:\/\/www.aquinov.fr\/wp-content\/uploads\/2020\/11\/Lauranne.jpg\" alt=\"\" class=\"wp-image-1272\" srcset=\"http:\/\/www.aquinov.fr\/wp-content\/uploads\/2020\/11\/Lauranne.jpg 800w, http:\/\/www.aquinov.fr\/wp-content\/uploads\/2020\/11\/Lauranne-480x480.jpg 480w\" sizes=\"(min-width: 0px) and (max-width: 480px) 480px, (min-width: 481px) 800px, 100vw\" \/><\/figure>\n<\/div>\n\n\n\n<div class=\"wp-block-column is-layout-flow wp-block-column-is-layout-flow\" style=\"flex-basis:58.56%\">\n<div style=\"height:24px\" aria-hidden=\"true\" class=\"wp-block-spacer\"><\/div>\n\n\n\n<h3 class=\"wp-block-heading\" style=\"font-size:18px\"><span class=\"has-inline-color has-vivid-red-color\">Lauranne Papineau&nbsp;<\/span><\/h3>\n\n\n\n<h3 class=\"has-small-font-size wp-block-heading\"><strong>Juriste<\/strong><\/h3>\n\n\n\n<p><\/p>\n<\/div>\n\n\n\n<div class=\"wp-block-column is-layout-flow wp-block-column-is-layout-flow\" style=\"flex-basis:33.33%\"><\/div>\n<\/div>\n<\/div><\/div>\n\n\n\n<p><\/p>\n","protected":false},"excerpt":{"rendered":"<p>C\u2019est officiel depuis le vendredi 13 novembre 2020, le Linge Basque b\u00e9n\u00e9ficie d\u00e9sormais d&rsquo;une Identification G\u00e9ographique, ce qui permet aux entreprises concern\u00e9es de prot\u00e9ger leur production. L&rsquo;Institut National de la Propri\u00e9t\u00e9 Industrielle (INPI) a d\u2019ores et d\u00e9j\u00e0 homologu\u00e9 douze Indication G\u00e9ographique (IG), parmi lesquelles la Porcelaine de Limoges, la Tapisserie d&rsquo;Aubusson ou la Charentaise. Le [&hellip;]<\/p>\n","protected":false},"author":7,"featured_media":1292,"comment_status":"closed","ping_status":"closed","sticky":false,"template":"","format":"standard","meta":{"_et_pb_use_builder":"off","_et_pb_old_content":"<!-- wp:paragraph -->\n<p><strong>Nous vous avons pr\u00e9par\u00e9 ici un r\u00e9capitulatif de la proc\u00e9dure de d\u00e9p\u00f4t d'une marque.<br>Concr\u00e8tement, nous vous expliquons ce qu'est la protection d'une marque et comment \u00e7a se passe sur un plan pratique.<\/strong><\/p>\n<!-- \/wp:paragraph -->\n\n<!-- wp:paragraph -->\n<p>La marque est un actif industriel qui fait partie de l'identit\u00e9 propre d'une entreprise. Elle vous permet d'\u00eatre identifiable aupr\u00e8s de vos clients et publics divers.<\/p>\n<!-- \/wp:paragraph -->\n\n<!-- wp:paragraph -->\n<p>D\u00e9poser sa marque en assure une exploitation exclusive pour les services et produits d\u00e9sign\u00e9s sur le territoire choisi durant 10 ans, renouvelable ind\u00e9finiment.<\/p>\n<!-- \/wp:paragraph -->\n\n<!-- wp:paragraph -->\n<p>A contrario, ne pas prot\u00e9ger sa marque induit la possibilit\u00e9 d'utilisation de cette derni\u00e8re par des concurrents. Pour cette raison, il est essentiel de prot\u00e9ger ses actifs d\u00e8s lors que la marque et son environnement (nom, expression, signe, logo) sont d\u00e9finis.<\/p>\n<!-- \/wp:paragraph -->\n\n<!-- wp:paragraph -->\n<p>D\u00e9poser sa marque est un processus qui peut s'av\u00e9rer complexe et fastidieux. C'est pourquoi, chez AQUINOV nous vous conseillons dans la mise en place de votre strat\u00e9gie afin de trouver le cadre de protection le plus adapt\u00e9 \u00e0 votre projet.<\/p>\n<!-- \/wp:paragraph -->\n\n<!-- wp:paragraph -->\n<p><\/p>\n<!-- \/wp:paragraph -->\n\n<!-- wp:paragraph -->\n<p><\/p>\n<!-- \/wp:paragraph -->\n\n<!-- wp:paragraph -->\n<p><\/p>\n<!-- \/wp:paragraph -->\n\n<!-- wp:heading {\"level\":4} -->\n<h4><span style=\"color:#e73e45\" class=\"has-inline-color\"><strong>Les diff\u00e9rentes \u00e9tapes de l'accompagnement AQUINOV&nbsp;:<\/strong><\/span><\/h4>\n<!-- \/wp:heading -->\n\n<!-- wp:paragraph -->\n<p><strong>1. Entretien avec notre expert<\/strong><br>Le premier entretien a pour objectif de poser le contexte et d\u00e9finir quels sont vos attentes et besoins en termes de d\u00e9p\u00f4t de marque.<\/p>\n<!-- \/wp:paragraph -->\n\n<!-- wp:paragraph -->\n<p><strong>2. Diagnostic <\/strong>&nbsp;<br>A la suite de cet entretien, nous vous rendons un diagnostic contenant les informations n\u00e9cessaires sur les diff\u00e9rentes proc\u00e9dures de d\u00e9p\u00f4t et le d\u00e9roulement du processus. Une proposition de strat\u00e9gie vous est transmise avec d\u00e9termination de la n\u00e9cessit\u00e9 d\u2019une recherche d\u2019ant\u00e9riorit\u00e9, et une r\u00e9flexion sur le choix de la zone g\u00e9ographique concern\u00e9e par l'enregistrement de la marque.<\/p>\n<!-- \/wp:paragraph -->\n\n<!-- wp:paragraph -->\n<p><strong>3. Elaboration d'un devis<\/strong><br>Nous \u00e9tablissons un devis pour la r\u00e9daction d\u2019un libell\u00e9 et le d\u00e9p\u00f4t d\u2019une demande d\u2019enregistrement de marque, ainsi qu'une \u00e9tude de disponibilit\u00e9 accompagn\u00e9e de pr\u00e9conisations.<\/p>\n<!-- \/wp:paragraph -->\n\n<!-- wp:paragraph -->\n<p><strong>4. D\u00e9p\u00f4t de la marque<\/strong><br>Nous r\u00e9digeons pour vous la demande de d\u00e9p\u00f4t de la marque, puis suivons avec attention la proc\u00e9dure d\u2019examen.<\/p>\n<!-- \/wp:paragraph -->\n\n<!-- wp:paragraph -->\n<p><strong>5. Suivi et assistance<\/strong><br>Une fois la marque d\u00e9pos\u00e9e, nous mettons en place une veille consistant \u00e0 surveiller les d\u00e9p\u00f4ts de marques similaires \u00e0 la v\u00f4tre. Nous vous pr\u00eatons assistance en cas de proc\u00e9dures pr\u00e9-contentieuses et veillons aux d\u00e9lais de renouvellement de la marque.<\/p>\n<!-- \/wp:paragraph -->\n\n<!-- wp:group -->\n<div class=\"wp-block-group\"><div class=\"wp-block-group__inner-container\"><!-- wp:group -->\n<div class=\"wp-block-group\"><div class=\"wp-block-group__inner-container\"><!-- wp:spacer {\"height\":35} -->\n<div style=\"height:35px\" aria-hidden=\"true\" class=\"wp-block-spacer\"><\/div>\n<!-- \/wp:spacer -->\n\n<!-- wp:separator -->\n<hr class=\"wp-block-separator\"\/>\n<!-- \/wp:separator -->\n\n<!-- wp:spacer {\"height\":20} -->\n<div style=\"height:20px\" aria-hidden=\"true\" class=\"wp-block-spacer\"><\/div>\n<!-- \/wp:spacer -->\n\n<!-- wp:paragraph -->\n<p>Cet article a \u00e9t\u00e9 r\u00e9dig\u00e9 par :<\/p>\n<!-- \/wp:paragraph --><\/div><\/div>\n<!-- \/wp:group -->\n\n<!-- wp:spacer {\"height\":20} -->\n<div style=\"height:20px\" aria-hidden=\"true\" class=\"wp-block-spacer\"><\/div>\n<!-- \/wp:spacer -->\n\n<!-- wp:columns -->\n<div class=\"wp-block-columns\"><!-- wp:column {\"width\":14} -->\n<div class=\"wp-block-column\" style=\"flex-basis:14%\"><!-- wp:image {\"id\":684,\"sizeSlug\":\"thumbnail\",\"className\":\"is-style-default\"} -->\n<figure class=\"wp-block-image size-thumbnail is-style-default\"><img src=\"http:\/\/www.aquinov.fr\/wp-content\/uploads\/2020\/11\/82A9758-150x150.jpg\" alt=\"\" class=\"wp-image-684\"\/><\/figure>\n<!-- \/wp:image --><\/div>\n<!-- \/wp:column -->\n\n<!-- wp:column {\"width\":58.56} -->\n<div class=\"wp-block-column\" style=\"flex-basis:58.56%\"><!-- wp:spacer {\"height\":24} -->\n<div style=\"height:24px\" aria-hidden=\"true\" class=\"wp-block-spacer\"><\/div>\n<!-- \/wp:spacer -->\n\n<!-- wp:heading {\"level\":3,\"style\":{\"typography\":{\"fontSize\":18}}} -->\n<h3 style=\"font-size:18px\"><span class=\"has-inline-color has-vivid-red-color\">JULIE CENATIEMPO<\/span><\/h3>\n<!-- \/wp:heading -->\n\n<!-- wp:heading {\"level\":3,\"fontSize\":\"small\"} -->\n<h3 class=\"has-small-font-size\">ASSOCI\u00c9E ET CO-G\u00c9RANTE<\/h3>\n<!-- \/wp:heading -->\n\n<!-- wp:paragraph -->\n<p><\/p>\n<!-- \/wp:paragraph --><\/div>\n<!-- \/wp:column -->\n\n<!-- wp:column {\"width\":33.33} -->\n<div class=\"wp-block-column\" style=\"flex-basis:33.33%\"><\/div>\n<!-- \/wp:column --><\/div>\n<!-- \/wp:columns --><\/div><\/div>\n<!-- \/wp:group -->","_et_gb_content_width":"","footnotes":""},"categories":[1],"tags":[],"class_list":["post-1290","post","type-post","status-publish","format-standard","has-post-thumbnail","hentry","category-francais"],"yoast_head":"<!-- This site is optimized with the Yoast SEO plugin v27.3 - https:\/\/yoast.com\/product\/yoast-seo-wordpress\/ -->\n<title>Indication G\u00e9ographique : l\u2019homologation du Linge Basque - Aquinov<\/title>\n<meta name=\"robots\" content=\"index, follow, max-snippet:-1, max-image-preview:large, max-video-preview:-1\" \/>\n<link rel=\"canonical\" href=\"https:\/\/www.aquinov.fr\/conseils-propriete-industrielle-sud-ouest\/indication-geographique-lhomologation-du-linge-basque\/\" \/>\n<meta property=\"og:locale\" content=\"fr_FR\" \/>\n<meta property=\"og:type\" content=\"article\" \/>\n<meta property=\"og:title\" content=\"Indication G\u00e9ographique : l\u2019homologation du Linge Basque - Aquinov\" \/>\n<meta property=\"og:description\" content=\"C\u2019est officiel depuis le vendredi 13 novembre 2020, le Linge Basque b\u00e9n\u00e9ficie d\u00e9sormais d&rsquo;une Identification G\u00e9ographique, ce qui permet aux entreprises concern\u00e9es de prot\u00e9ger leur production. L&rsquo;Institut National de la Propri\u00e9t\u00e9 Industrielle (INPI) a d\u2019ores et d\u00e9j\u00e0 homologu\u00e9 douze Indication G\u00e9ographique (IG), parmi lesquelles la Porcelaine de Limoges, la Tapisserie d&rsquo;Aubusson ou la Charentaise. Le [&hellip;]\" \/>\n<meta property=\"og:url\" content=\"https:\/\/www.aquinov.fr\/conseils-propriete-industrielle-sud-ouest\/indication-geographique-lhomologation-du-linge-basque\/\" \/>\n<meta property=\"og:site_name\" content=\"Aquinov\" \/>\n<meta property=\"article:published_time\" content=\"2020-12-03T08:02:01+00:00\" \/>\n<meta property=\"article:modified_time\" content=\"2021-02-04T09:56:01+00:00\" \/>\n<meta property=\"og:image\" content=\"https:\/\/www.aquinov.fr\/wp-content\/uploads\/2020\/12\/HOMOLOGATION_DU_LINGE_BASQUE.jpg\" \/>\n\t<meta property=\"og:image:width\" content=\"654\" \/>\n\t<meta property=\"og:image:height\" content=\"476\" \/>\n\t<meta property=\"og:image:type\" content=\"image\/jpeg\" \/>\n<meta name=\"author\" content=\"elncom\" \/>\n<meta name=\"twitter:card\" content=\"summary_large_image\" \/>\n<meta name=\"twitter:label1\" content=\"\u00c9crit par\" \/>\n\t<meta name=\"twitter:data1\" content=\"elncom\" \/>\n\t<meta name=\"twitter:label2\" content=\"Dur\u00e9e de lecture estim\u00e9e\" \/>\n\t<meta name=\"twitter:data2\" content=\"2 minutes\" \/>\n<script type=\"application\/ld+json\" class=\"yoast-schema-graph\">{\"@context\":\"https:\\\/\\\/schema.org\",\"@graph\":[{\"@type\":\"Article\",\"@id\":\"https:\\\/\\\/www.aquinov.fr\\\/conseils-propriete-industrielle-sud-ouest\\\/indication-geographique-lhomologation-du-linge-basque\\\/#article\",\"isPartOf\":{\"@id\":\"https:\\\/\\\/www.aquinov.fr\\\/conseils-propriete-industrielle-sud-ouest\\\/indication-geographique-lhomologation-du-linge-basque\\\/\"},\"author\":{\"name\":\"elncom\",\"@id\":\"https:\\\/\\\/www.aquinov.fr\\\/conseils-propriete-industrielle-sud-ouest\\\/#\\\/schema\\\/person\\\/f670b9e9612ebaa83ac12cc81dd25faa\"},\"headline\":\"Indication G\u00e9ographique : l\u2019homologation du Linge Basque\",\"datePublished\":\"2020-12-03T08:02:01+00:00\",\"dateModified\":\"2021-02-04T09:56:01+00:00\",\"mainEntityOfPage\":{\"@id\":\"https:\\\/\\\/www.aquinov.fr\\\/conseils-propriete-industrielle-sud-ouest\\\/indication-geographique-lhomologation-du-linge-basque\\\/\"},\"wordCount\":388,\"image\":{\"@id\":\"https:\\\/\\\/www.aquinov.fr\\\/conseils-propriete-industrielle-sud-ouest\\\/indication-geographique-lhomologation-du-linge-basque\\\/#primaryimage\"},\"thumbnailUrl\":\"https:\\\/\\\/www.aquinov.fr\\\/wp-content\\\/uploads\\\/2020\\\/12\\\/HOMOLOGATION_DU_LINGE_BASQUE.jpg\",\"articleSection\":[\"Fran\u00e7ais\"],\"inLanguage\":\"fr-FR\"},{\"@type\":\"WebPage\",\"@id\":\"https:\\\/\\\/www.aquinov.fr\\\/conseils-propriete-industrielle-sud-ouest\\\/indication-geographique-lhomologation-du-linge-basque\\\/\",\"url\":\"https:\\\/\\\/www.aquinov.fr\\\/conseils-propriete-industrielle-sud-ouest\\\/indication-geographique-lhomologation-du-linge-basque\\\/\",\"name\":\"Indication G\u00e9ographique : l\u2019homologation du Linge Basque - Aquinov\",\"isPartOf\":{\"@id\":\"https:\\\/\\\/www.aquinov.fr\\\/conseils-propriete-industrielle-sud-ouest\\\/#website\"},\"primaryImageOfPage\":{\"@id\":\"https:\\\/\\\/www.aquinov.fr\\\/conseils-propriete-industrielle-sud-ouest\\\/indication-geographique-lhomologation-du-linge-basque\\\/#primaryimage\"},\"image\":{\"@id\":\"https:\\\/\\\/www.aquinov.fr\\\/conseils-propriete-industrielle-sud-ouest\\\/indication-geographique-lhomologation-du-linge-basque\\\/#primaryimage\"},\"thumbnailUrl\":\"https:\\\/\\\/www.aquinov.fr\\\/wp-content\\\/uploads\\\/2020\\\/12\\\/HOMOLOGATION_DU_LINGE_BASQUE.jpg\",\"datePublished\":\"2020-12-03T08:02:01+00:00\",\"dateModified\":\"2021-02-04T09:56:01+00:00\",\"author\":{\"@id\":\"https:\\\/\\\/www.aquinov.fr\\\/conseils-propriete-industrielle-sud-ouest\\\/#\\\/schema\\\/person\\\/f670b9e9612ebaa83ac12cc81dd25faa\"},\"inLanguage\":\"fr-FR\",\"potentialAction\":[{\"@type\":\"ReadAction\",\"target\":[\"https:\\\/\\\/www.aquinov.fr\\\/conseils-propriete-industrielle-sud-ouest\\\/indication-geographique-lhomologation-du-linge-basque\\\/\"]}]},{\"@type\":\"ImageObject\",\"inLanguage\":\"fr-FR\",\"@id\":\"https:\\\/\\\/www.aquinov.fr\\\/conseils-propriete-industrielle-sud-ouest\\\/indication-geographique-lhomologation-du-linge-basque\\\/#primaryimage\",\"url\":\"https:\\\/\\\/www.aquinov.fr\\\/wp-content\\\/uploads\\\/2020\\\/12\\\/HOMOLOGATION_DU_LINGE_BASQUE.jpg\",\"contentUrl\":\"https:\\\/\\\/www.aquinov.fr\\\/wp-content\\\/uploads\\\/2020\\\/12\\\/HOMOLOGATION_DU_LINGE_BASQUE.jpg\",\"width\":654,\"height\":476},{\"@type\":\"WebSite\",\"@id\":\"https:\\\/\\\/www.aquinov.fr\\\/conseils-propriete-industrielle-sud-ouest\\\/#website\",\"url\":\"https:\\\/\\\/www.aquinov.fr\\\/conseils-propriete-industrielle-sud-ouest\\\/\",\"name\":\"Aquinov\",\"description\":\"DONNEZ DE LA VALEUR \u00c0 VOS INNOVATIONS\",\"potentialAction\":[{\"@type\":\"SearchAction\",\"target\":{\"@type\":\"EntryPoint\",\"urlTemplate\":\"https:\\\/\\\/www.aquinov.fr\\\/conseils-propriete-industrielle-sud-ouest\\\/?s={search_term_string}\"},\"query-input\":{\"@type\":\"PropertyValueSpecification\",\"valueRequired\":true,\"valueName\":\"search_term_string\"}}],\"inLanguage\":\"fr-FR\"},{\"@type\":\"Person\",\"@id\":\"https:\\\/\\\/www.aquinov.fr\\\/conseils-propriete-industrielle-sud-ouest\\\/#\\\/schema\\\/person\\\/f670b9e9612ebaa83ac12cc81dd25faa\",\"name\":\"elncom\",\"image\":{\"@type\":\"ImageObject\",\"inLanguage\":\"fr-FR\",\"@id\":\"https:\\\/\\\/secure.gravatar.com\\\/avatar\\\/eaabcf245d234a89e700671e117f60816afdc47d77ba1ee599e9dddc86375804?s=96&d=mm&r=g\",\"url\":\"https:\\\/\\\/secure.gravatar.com\\\/avatar\\\/eaabcf245d234a89e700671e117f60816afdc47d77ba1ee599e9dddc86375804?s=96&d=mm&r=g\",\"contentUrl\":\"https:\\\/\\\/secure.gravatar.com\\\/avatar\\\/eaabcf245d234a89e700671e117f60816afdc47d77ba1ee599e9dddc86375804?s=96&d=mm&r=g\",\"caption\":\"elncom\"},\"url\":\"https:\\\/\\\/www.aquinov.fr\\\/conseils-propriete-industrielle-sud-ouest\\\/author\\\/elncom\\\/\"}]}<\/script>\n<!-- \/ Yoast SEO plugin. -->","yoast_head_json":{"title":"Indication G\u00e9ographique : l\u2019homologation du Linge Basque - Aquinov","robots":{"index":"index","follow":"follow","max-snippet":"max-snippet:-1","max-image-preview":"max-image-preview:large","max-video-preview":"max-video-preview:-1"},"canonical":"https:\/\/www.aquinov.fr\/conseils-propriete-industrielle-sud-ouest\/indication-geographique-lhomologation-du-linge-basque\/","og_locale":"fr_FR","og_type":"article","og_title":"Indication G\u00e9ographique : l\u2019homologation du Linge Basque - Aquinov","og_description":"C\u2019est officiel depuis le vendredi 13 novembre 2020, le Linge Basque b\u00e9n\u00e9ficie d\u00e9sormais d&rsquo;une Identification G\u00e9ographique, ce qui permet aux entreprises concern\u00e9es de prot\u00e9ger leur production. L&rsquo;Institut National de la Propri\u00e9t\u00e9 Industrielle (INPI) a d\u2019ores et d\u00e9j\u00e0 homologu\u00e9 douze Indication G\u00e9ographique (IG), parmi lesquelles la Porcelaine de Limoges, la Tapisserie d&rsquo;Aubusson ou la Charentaise. Le [&hellip;]","og_url":"https:\/\/www.aquinov.fr\/conseils-propriete-industrielle-sud-ouest\/indication-geographique-lhomologation-du-linge-basque\/","og_site_name":"Aquinov","article_published_time":"2020-12-03T08:02:01+00:00","article_modified_time":"2021-02-04T09:56:01+00:00","og_image":[{"width":654,"height":476,"url":"https:\/\/www.aquinov.fr\/wp-content\/uploads\/2020\/12\/HOMOLOGATION_DU_LINGE_BASQUE.jpg","type":"image\/jpeg"}],"author":"elncom","twitter_card":"summary_large_image","twitter_misc":{"\u00c9crit par":"elncom","Dur\u00e9e de lecture estim\u00e9e":"2 minutes"},"schema":{"@context":"https:\/\/schema.org","@graph":[{"@type":"Article","@id":"https:\/\/www.aquinov.fr\/conseils-propriete-industrielle-sud-ouest\/indication-geographique-lhomologation-du-linge-basque\/#article","isPartOf":{"@id":"https:\/\/www.aquinov.fr\/conseils-propriete-industrielle-sud-ouest\/indication-geographique-lhomologation-du-linge-basque\/"},"author":{"name":"elncom","@id":"https:\/\/www.aquinov.fr\/conseils-propriete-industrielle-sud-ouest\/#\/schema\/person\/f670b9e9612ebaa83ac12cc81dd25faa"},"headline":"Indication G\u00e9ographique : l\u2019homologation du Linge Basque","datePublished":"2020-12-03T08:02:01+00:00","dateModified":"2021-02-04T09:56:01+00:00","mainEntityOfPage":{"@id":"https:\/\/www.aquinov.fr\/conseils-propriete-industrielle-sud-ouest\/indication-geographique-lhomologation-du-linge-basque\/"},"wordCount":388,"image":{"@id":"https:\/\/www.aquinov.fr\/conseils-propriete-industrielle-sud-ouest\/indication-geographique-lhomologation-du-linge-basque\/#primaryimage"},"thumbnailUrl":"https:\/\/www.aquinov.fr\/wp-content\/uploads\/2020\/12\/HOMOLOGATION_DU_LINGE_BASQUE.jpg","articleSection":["Fran\u00e7ais"],"inLanguage":"fr-FR"},{"@type":"WebPage","@id":"https:\/\/www.aquinov.fr\/conseils-propriete-industrielle-sud-ouest\/indication-geographique-lhomologation-du-linge-basque\/","url":"https:\/\/www.aquinov.fr\/conseils-propriete-industrielle-sud-ouest\/indication-geographique-lhomologation-du-linge-basque\/","name":"Indication G\u00e9ographique : l\u2019homologation du Linge Basque - Aquinov","isPartOf":{"@id":"https:\/\/www.aquinov.fr\/conseils-propriete-industrielle-sud-ouest\/#website"},"primaryImageOfPage":{"@id":"https:\/\/www.aquinov.fr\/conseils-propriete-industrielle-sud-ouest\/indication-geographique-lhomologation-du-linge-basque\/#primaryimage"},"image":{"@id":"https:\/\/www.aquinov.fr\/conseils-propriete-industrielle-sud-ouest\/indication-geographique-lhomologation-du-linge-basque\/#primaryimage"},"thumbnailUrl":"https:\/\/www.aquinov.fr\/wp-content\/uploads\/2020\/12\/HOMOLOGATION_DU_LINGE_BASQUE.jpg","datePublished":"2020-12-03T08:02:01+00:00","dateModified":"2021-02-04T09:56:01+00:00","author":{"@id":"https:\/\/www.aquinov.fr\/conseils-propriete-industrielle-sud-ouest\/#\/schema\/person\/f670b9e9612ebaa83ac12cc81dd25faa"},"inLanguage":"fr-FR","potentialAction":[{"@type":"ReadAction","target":["https:\/\/www.aquinov.fr\/conseils-propriete-industrielle-sud-ouest\/indication-geographique-lhomologation-du-linge-basque\/"]}]},{"@type":"ImageObject","inLanguage":"fr-FR","@id":"https:\/\/www.aquinov.fr\/conseils-propriete-industrielle-sud-ouest\/indication-geographique-lhomologation-du-linge-basque\/#primaryimage","url":"https:\/\/www.aquinov.fr\/wp-content\/uploads\/2020\/12\/HOMOLOGATION_DU_LINGE_BASQUE.jpg","contentUrl":"https:\/\/www.aquinov.fr\/wp-content\/uploads\/2020\/12\/HOMOLOGATION_DU_LINGE_BASQUE.jpg","width":654,"height":476},{"@type":"WebSite","@id":"https:\/\/www.aquinov.fr\/conseils-propriete-industrielle-sud-ouest\/#website","url":"https:\/\/www.aquinov.fr\/conseils-propriete-industrielle-sud-ouest\/","name":"Aquinov","description":"DONNEZ DE LA VALEUR \u00c0 VOS INNOVATIONS","potentialAction":[{"@type":"SearchAction","target":{"@type":"EntryPoint","urlTemplate":"https:\/\/www.aquinov.fr\/conseils-propriete-industrielle-sud-ouest\/?s={search_term_string}"},"query-input":{"@type":"PropertyValueSpecification","valueRequired":true,"valueName":"search_term_string"}}],"inLanguage":"fr-FR"},{"@type":"Person","@id":"https:\/\/www.aquinov.fr\/conseils-propriete-industrielle-sud-ouest\/#\/schema\/person\/f670b9e9612ebaa83ac12cc81dd25faa","name":"elncom","image":{"@type":"ImageObject","inLanguage":"fr-FR","@id":"https:\/\/secure.gravatar.com\/avatar\/eaabcf245d234a89e700671e117f60816afdc47d77ba1ee599e9dddc86375804?s=96&d=mm&r=g","url":"https:\/\/secure.gravatar.com\/avatar\/eaabcf245d234a89e700671e117f60816afdc47d77ba1ee599e9dddc86375804?s=96&d=mm&r=g","contentUrl":"https:\/\/secure.gravatar.com\/avatar\/eaabcf245d234a89e700671e117f60816afdc47d77ba1ee599e9dddc86375804?s=96&d=mm&r=g","caption":"elncom"},"url":"https:\/\/www.aquinov.fr\/conseils-propriete-industrielle-sud-ouest\/author\/elncom\/"}]}},"_links":{"self":[{"href":"https:\/\/www.aquinov.fr\/conseils-propriete-industrielle-sud-ouest\/wp-json\/wp\/v2\/posts\/1290","targetHints":{"allow":["GET"]}}],"collection":[{"href":"https:\/\/www.aquinov.fr\/conseils-propriete-industrielle-sud-ouest\/wp-json\/wp\/v2\/posts"}],"about":[{"href":"https:\/\/www.aquinov.fr\/conseils-propriete-industrielle-sud-ouest\/wp-json\/wp\/v2\/types\/post"}],"author":[{"embeddable":true,"href":"https:\/\/www.aquinov.fr\/conseils-propriete-industrielle-sud-ouest\/wp-json\/wp\/v2\/users\/7"}],"replies":[{"embeddable":true,"href":"https:\/\/www.aquinov.fr\/conseils-propriete-industrielle-sud-ouest\/wp-json\/wp\/v2\/comments?post=1290"}],"version-history":[{"count":3,"href":"https:\/\/www.aquinov.fr\/conseils-propriete-industrielle-sud-ouest\/wp-json\/wp\/v2\/posts\/1290\/revisions"}],"predecessor-version":[{"id":1544,"href":"https:\/\/www.aquinov.fr\/conseils-propriete-industrielle-sud-ouest\/wp-json\/wp\/v2\/posts\/1290\/revisions\/1544"}],"wp:featuredmedia":[{"embeddable":true,"href":"https:\/\/www.aquinov.fr\/conseils-propriete-industrielle-sud-ouest\/wp-json\/wp\/v2\/media\/1292"}],"wp:attachment":[{"href":"https:\/\/www.aquinov.fr\/conseils-propriete-industrielle-sud-ouest\/wp-json\/wp\/v2\/media?parent=1290"}],"wp:term":[{"taxonomy":"category","embeddable":true,"href":"https:\/\/www.aquinov.fr\/conseils-propriete-industrielle-sud-ouest\/wp-json\/wp\/v2\/categories?post=1290"},{"taxonomy":"post_tag","embeddable":true,"href":"https:\/\/www.aquinov.fr\/conseils-propriete-industrielle-sud-ouest\/wp-json\/wp\/v2\/tags?post=1290"}],"curies":[{"name":"wp","href":"https:\/\/api.w.org\/{rel}","templated":true}]}}